{"id":389,"date":"2026-03-02T12:44:05","date_gmt":"2026-03-02T09:44:05","guid":{"rendered":"https:\/\/worldstagetruck.com\/?p=389"},"modified":"2026-03-02T12:44:05","modified_gmt":"2026-03-02T09:44:05","slug":"konser-icin-mobil-sahne-olculeri-ne-olmali-en-uygun-olcu-secimi-ve-dikkat-edilmesi-gerekenler","status":"publish","type":"post","link":"https:\/\/worldstagetruck.com\/en\/konser-icin-mobil-sahne-olculeri-ne-olmali-en-uygun-olcu-secimi-ve-dikkat-edilmesi-gerekenler\/","title":{"rendered":"Konser \u0130\u00e7in Mobil Sahne \u00d6l\u00e7\u00fcleri Ne Olmal\u0131? En Uygun \u00d6l\u00e7\u00fc Se\u00e7imi ve Dikkat Edilmesi Gerekenler"},"content":{"rendered":"<h2><strong>Konser \u0130\u00e7in Mobil Sahne Se\u00e7imi ve \u00d6l\u00e7\u00fclerin \u00d6nemi<\/strong><\/h2>\n<p>Bir konserin ba\u015far\u0131s\u0131n\u0131 belirleyen bir\u00e7ok fakt\u00f6r bulunur. Bunlar aras\u0131nda en \u00f6nemli unsurlardan biri, <strong>mobil sahne<\/strong> se\u00e7imidir. Sahne, etkinli\u011fin g\u00f6rsel etkisini art\u0131rman\u0131n yan\u0131 s\u0131ra, izleyicinin g\u00fcvenli\u011fi, sanat\u00e7\u0131n\u0131n rahatl\u0131\u011f\u0131 ve teknik donan\u0131m\u0131n verimli \u00e7al\u0131\u015fmas\u0131 i\u00e7in kritik bir rol oynar. Mobil sahne \u00f6l\u00e7\u00fcleri, etkinli\u011fin t\u00fcr\u00fcne, kat\u0131l\u0131mc\u0131 say\u0131s\u0131na ve kullan\u0131lan teknolojilere g\u00f6re de\u011fi\u015fiklik g\u00f6sterir. Bu yaz\u0131da, konserler i\u00e7in do\u011fru mobil sahne \u00f6l\u00e7\u00fclerinin nas\u0131l se\u00e7ilece\u011fi hakk\u0131nda ayr\u0131nt\u0131l\u0131 bilgi verece\u011fiz ve <strong>\u0130stanbul<\/strong>, <strong>Ankara<\/strong> ve T\u00fcrkiye\u2019nin her yerine hizmet sundu\u011fumuz <strong>World Stage Truck<\/strong>&#8216;un mobil sahne \u00e7\u00f6z\u00fcmlerini inceleyece\u011fiz.<\/p>\n<h2><strong>Konser \u0130\u00e7in Mobil Sahne Se\u00e7imi: Neden \u00d6l\u00e7\u00fcler \u00d6nemlidir?<\/strong><\/h2>\n<p>Sahne \u00f6l\u00e7\u00fcleri, sadece etkinlik alan\u0131na uygunluk a\u00e7\u0131s\u0131ndan de\u011fil, ayn\u0131 zamanda izleyicilerin ve sanat\u00e7\u0131lar\u0131n konforu a\u00e7\u0131s\u0131ndan da kritik \u00f6neme sahiptir. <strong>Mobil sahne<\/strong> kiralama ya da sat\u0131n alma karar\u0131nda, etkinli\u011fin b\u00fcy\u00fckl\u00fc\u011f\u00fc, izleyici kapasitesi, teknik ekipman gereksinimleri ve sahne dizayn\u0131 gibi fakt\u00f6rler g\u00f6z \u00f6n\u00fcnde bulundurulmal\u0131d\u0131r. Sahne boyutlar\u0131, sahne arkas\u0131ndaki ekipmanlara, ses sistemlerine, \u0131\u015f\u0131kland\u0131rmaya, projeksiyon sistemlerine ve di\u011fer gereksinimlere g\u00f6re uyarlanmal\u0131d\u0131r.<\/p>\n<p>Bu sebeple, konser t\u00fcr\u00fcne uygun mobil sahne \u00f6l\u00e7\u00fclerinin do\u011fru belirlenmesi gerekmektedir. Bir konserin ba\u015far\u0131s\u0131nda sahne boyutunun ve teknik donan\u0131m\u0131n uyumu, g\u00f6rsel ve i\u015fitsel deneyimin kalitesini do\u011frudan etkiler.<\/p>\n<h2><strong>Farkl\u0131 Konser T\u00fcrleri \u0130\u00e7in Gerekli Sahne \u00d6l\u00e7\u00fcleri<\/strong><\/h2>\n<p>Her konser t\u00fcr\u00fc, farkl\u0131 sahne \u00f6l\u00e7\u00fcleri gerektirebilir. Sahne boyutlar\u0131 genellikle etkinli\u011fin t\u00fcr\u00fcne, kat\u0131l\u0131mc\u0131 say\u0131s\u0131na ve sahne arkas\u0131ndaki teknik gereksinimlere g\u00f6re de\u011fi\u015fir.<\/p>\n<ol>\n<li><strong> K\u00fc\u00e7\u00fck ve Orta \u00d6l\u00e7ekli Konserler<\/strong><\/li>\n<\/ol>\n<p>K\u00fc\u00e7\u00fck ve orta \u00f6l\u00e7ekli konserler, genellikle 100-1000 ki\u015filik etkinliklerde d\u00fczenlenir. Bu t\u00fcr etkinlikler i\u00e7in sahne \u00f6l\u00e7\u00fcleri genellikle 6&#215;4 metre ile 8&#215;6 metre aras\u0131nda de\u011fi\u015fir. Bu \u00f6l\u00e7\u00fcler, genellikle sadece birka\u00e7 sanat\u00e7\u0131n\u0131n performans sergileyece\u011fi konserler i\u00e7in yeterlidir.<\/p>\n<ol start=\"2\">\n<li><strong> B\u00fcy\u00fck Konserler ve Festivaller<\/strong><\/li>\n<\/ol>\n<p>B\u00fcy\u00fck konserler, a\u00e7\u0131k hava festivalleri veya b\u00fcy\u00fck konser salonlar\u0131 i\u00e7in mobil sahneler, 10&#215;8 metre veya daha b\u00fcy\u00fck olabilir. Sahne arkas\u0131ndaki teknik ekipman, ses sistemleri ve \u0131\u015f\u0131kland\u0131rma i\u00e7in daha fazla alan gereklidir. Bu t\u00fcr konserlerde izleyici kapasitesi binlerce ki\u015fiye kadar \u00e7\u0131kabilir, bu y\u00fczden sahne boyutunun b\u00fcy\u00fck olmas\u0131, izleyiciye daha etkileyici bir deneyim sunar.<\/p>\n<ol start=\"3\">\n<li><strong> A\u00e7\u0131k Hava Etkinlikleri ve Festivaller<\/strong><\/li>\n<\/ol>\n<p>A\u00e7\u0131k hava konserleri veya festivaller i\u00e7in mobil sahneler, etkinlik alan\u0131na g\u00f6re b\u00fcy\u00fck \u00f6l\u00e7\u00fcde de\u011fi\u015febilir. Bu t\u00fcr etkinliklerde genellikle 12&#215;10 metre veya 14&#215;12 metre gibi daha geni\u015f sahne \u00f6l\u00e7\u00fcleri tercih edilir. Bu boyutlar, ayn\u0131 anda birden fazla grup veya sanat\u00e7\u0131n\u0131n performans sergileyebilece\u011fi geni\u015f alanlar yarat\u0131r.<\/p>\n<h2><strong>Konser Sahnesinin Teknik Donan\u0131m\u0131 ve \u0130htiya\u00e7lar<\/strong><\/h2>\n<p>Sahne \u00f6l\u00e7\u00fcleri, yaln\u0131zca g\u00f6r\u00fcn\u00fc\u015f a\u00e7\u0131s\u0131ndan de\u011fil, ayn\u0131 zamanda teknik donan\u0131m\u0131n da do\u011fru \u015fekilde yerle\u015ftirilmesi i\u00e7in olduk\u00e7a \u00f6nemlidir. Konserlerde kullan\u0131lacak olan ses, \u0131\u015f\u0131k, video ve di\u011fer ekipmanlar\u0131n d\u00fczg\u00fcn \u015fekilde \u00e7al\u0131\u015fabilmesi i\u00e7in do\u011fru alan gereklidir.<\/p>\n<p><strong>Ses ve I\u015f\u0131k Sistemleri:<\/strong><\/p>\n<p>B\u00fcy\u00fck konserlerde ses sistemlerinin verimli \u00e7al\u0131\u015fabilmesi i\u00e7in sahnenin geni\u015fli\u011fi ve y\u00fcksekli\u011fi \u00f6nemli rol oynar. Ayr\u0131ca, \u0131\u015f\u0131kland\u0131rma sistemleri ve LED ekranlar\u0131n yerle\u015fimi de sahne boyutlar\u0131na g\u00f6re yap\u0131l\u0131r. Ses sistemleri ve \u0131\u015f\u0131klar genellikle sahneye entegre edilir, ancak b\u00fcy\u00fck etkinliklerde sahnenin d\u0131\u015f k\u0131sm\u0131nda da ek alanlar kullan\u0131l\u0131r.<\/p>\n<p><strong>Teknik Ekipman:<\/strong><\/p>\n<p>Konser s\u0131ras\u0131nda kullan\u0131lan teknik ekipmanlar (mikrofonlar, amplifikat\u00f6rler, ses miksaj cihazlar\u0131, projeksiyon sistemleri vb.) sahne \u00fczerinde yeterli alan gerektirir. Mobil sahneler genellikle mod\u00fcler yap\u0131lar oldu\u011fundan, ekipman yerle\u015fim plan\u0131 sahne boyutlar\u0131na g\u00f6re \u015fekillenir.<\/p>\n<h2><strong>Konser \u0130\u00e7in Mobil Sahne \u00d6l\u00e7\u00fclerine Etki Eden Fakt\u00f6rler<\/strong><\/h2>\n<p>Konser i\u00e7in do\u011fru mobil sahne \u00f6l\u00e7\u00fclerinin belirlenmesinde dikkate al\u0131nmas\u0131 gereken birka\u00e7 fakt\u00f6r vard\u0131r:<\/p>\n<ol>\n<li><strong>Etkinlik Alan\u0131n\u0131n B\u00fcy\u00fckl\u00fc\u011f\u00fc:<\/strong><br \/>\nKonserin yap\u0131laca\u011f\u0131 alan\u0131n geni\u015fli\u011fi, sahne \u00f6l\u00e7\u00fclerini do\u011frudan etkiler. A\u00e7\u0131k hava etkinliklerinde daha geni\u015f sahne \u00f6l\u00e7\u00fcleri tercih edilirken, kapal\u0131 alanlarda bu \u00f6l\u00e7\u00fcler daha k\u00fc\u00e7\u00fck olabilir.<\/li>\n<li><strong>\u0130zleyici Kapasitesi:<\/strong><br \/>\nKonserin izleyici kapasitesi de sahne boyutlar\u0131n\u0131 etkileyen bir fakt\u00f6rd\u00fcr. B\u00fcy\u00fck etkinlikler i\u00e7in geni\u015f sahneler ve b\u00fcy\u00fck projeksiyon alanlar\u0131 gerekir.<\/li>\n<li><strong>Sanat\u00e7\u0131 Say\u0131s\u0131:<\/strong><br \/>\nSahnedeki sanat\u00e7\u0131 say\u0131s\u0131 artt\u0131k\u00e7a, sahnenin boyutu da artmal\u0131d\u0131r. \u00c7oklu sanat\u00e7\u0131lar ve grup performanslar\u0131 i\u00e7in daha geni\u015f alan gereklidir.<\/li>\n<li><strong>Lojistik ve G\u00fcvenlik:<\/strong><br \/>\nSahne boyutlar\u0131, g\u00fcvenlik \u00f6nlemleri ve lojistik gereksinimlerle uyumlu olmal\u0131d\u0131r. Sahneye \u00e7\u0131kan sanat\u00e7\u0131lar ve ekiplerin rahat\u00e7a hareket edebilmesi i\u00e7in yeterli alan sa\u011flanmal\u0131d\u0131r.<\/li>\n<\/ol>\n<h2><strong>World Stage Truck: \u0130stanbul, Ankara ve T\u00fcrkiye&#8217;nin Her Yerine Mobil Sahne \u00c7\u00f6z\u00fcmleri<\/strong><\/h2>\n<p><strong>World Stage Truck<\/strong>, \u0130stanbul, Ankara ve T\u00fcrkiye\u2019nin her yerine mobil sahne kiralama hizmeti sunmaktad\u0131r. Etkinli\u011finizin t\u00fcr\u00fcne ve ihtiyac\u0131n\u0131za g\u00f6re en uygun sahne \u00f6l\u00e7\u00fcleriyle \u00e7\u00f6z\u00fcmler sunuyoruz. Her b\u00fcy\u00fckl\u00fckteki konserler i\u00e7in, ta\u015f\u0131nabilir ve g\u00fcvenli sahnelerimiz, h\u0131zl\u0131 kurulum ve m\u00fckemmel teknik altyap\u0131 ile etkinliklerinizin profesyonelce ger\u00e7ekle\u015fmesini sa\u011fl\u0131yoruz.<\/p>\n<ul>\n<li><strong>Kurulum S\u00fcresi:<\/strong> H\u0131zl\u0131 ve verimli kurulum<\/li>\n<li><strong>Ta\u015f\u0131nabilirlik:<\/strong> T\u00fcrkiye\u2019nin her yerine ta\u015f\u0131ma imkan\u0131<\/li>\n<li><strong>Esneklik:<\/strong> Etkinlik t\u00fcr\u00fcne uygun sahne boyutlar\u0131<\/li>\n<li><strong>G\u00fcvenlik:<\/strong> Uluslararas\u0131 g\u00fcvenlik standartlar\u0131na uygun sahne sistemleri<\/li>\n<\/ul>\n<p><strong>Contact Information<\/strong><\/p>\n<p><strong>Ankara Ofisi:<\/strong><br \/>\nKavakl\u0131dere Mahallesi B\u00fckl\u00fcm Caddesi No:12 \u00c7ankaya \/ ANKARA<br \/>\nTelefon: 0312 417 69 67<\/p>\n<p><strong>\u0130stanbul Ofisi:<\/strong><br \/>\nMaslak Mahallesi Ta\u015f Yoncas\u0131 Sokak Maslak 1453 Sitesi T4 Blok No:1U\/B228 Sar\u0131yer \/ \u0130stanbul<br \/>\nTelefon: 0212 823 01 87<\/p>\n<p><a href=\"https:\/\/worldstagetruck.com\/en\/konser-icin-mobil-sahne-olculeri\/\">http:\/\/www.worldstagetruck.com\/konser-icin-mobil-sahne-olculeri<\/a><\/p>","protected":false},"excerpt":{"rendered":"<p>Konser \u0130\u00e7in Mobil Sahne Se\u00e7imi ve \u00d6l\u00e7\u00fclerin \u00d6nemi Bir konserin ba\u015far\u0131s\u0131n\u0131 belirleyen bir\u00e7ok fakt\u00f6r bulunur. Bunlar aras\u0131nda en \u00f6nemli unsurlardan biri, mobil sahne se\u00e7imidir. Sahne, etkinli\u011fin g\u00f6rsel etkisini art\u0131rman\u0131n yan\u0131 s\u0131ra, izleyicinin g\u00fcvenli\u011fi, sanat\u00e7\u0131n\u0131n rahatl\u0131\u011f\u0131 ve teknik donan\u0131m\u0131n verimli \u00e7al\u0131\u015fmas\u0131 i\u00e7in kritik bir rol oynar. Mobil sahne \u00f6l\u00e7\u00fcleri, etkinli\u011fin t\u00fcr\u00fcne, kat\u0131l\u0131mc\u0131 say\u0131s\u0131na ve kullan\u0131lan teknolojilere &hellip; <a href=\"https:\/\/worldstagetruck.com\/en\/konser-icin-mobil-sahne-olculeri-ne-olmali-en-uygun-olcu-secimi-ve-dikkat-edilmesi-gerekenler\/\" class=\"more-link\">Continue reading <span class=\"screen-reader-text\">Konser \u0130\u00e7in Mobil Sahne \u00d6l\u00e7\u00fcleri Ne Olmal\u0131? En Uygun \u00d6l\u00e7\u00fc Se\u00e7imi ve Dikkat Edilmesi Gerekenler<\/span><\/a><\/p>","protected":false},"author":2,"featured_media":27,"comment_status":"closed","ping_status":"closed","sticky":false,"template":"","format":"standard","meta":{"footnotes":""},"categories":[1],"tags":[],"_links":{"self":[{"href":"https:\/\/worldstagetruck.com\/en\/wp-json\/wp\/v2\/posts\/389"}],"collection":[{"href":"https:\/\/worldstagetruck.com\/en\/wp-json\/wp\/v2\/posts"}],"about":[{"href":"https:\/\/worldstagetruck.com\/en\/wp-json\/wp\/v2\/types\/post"}],"author":[{"embeddable":true,"href":"https:\/\/worldstagetruck.com\/en\/wp-json\/wp\/v2\/users\/2"}],"replies":[{"embeddable":true,"href":"https:\/\/worldstagetruck.com\/en\/wp-json\/wp\/v2\/comments?post=389"}],"version-history":[{"count":1,"href":"https:\/\/worldstagetruck.com\/en\/wp-json\/wp\/v2\/posts\/389\/revisions"}],"predecessor-version":[{"id":390,"href":"https:\/\/worldstagetruck.com\/en\/wp-json\/wp\/v2\/posts\/389\/revisions\/390"}],"wp:featuredmedia":[{"embeddable":true,"href":"https:\/\/worldstagetruck.com\/en\/wp-json\/wp\/v2\/media\/27"}],"wp:attachment":[{"href":"https:\/\/worldstagetruck.com\/en\/wp-json\/wp\/v2\/media?parent=389"}],"wp:term":[{"taxonomy":"category","embeddable":true,"href":"https:\/\/worldstagetruck.com\/en\/wp-json\/wp\/v2\/categories?post=389"},{"taxonomy":"post_tag","embeddable":true,"href":"https:\/\/worldstagetruck.com\/en\/wp-json\/wp\/v2\/tags?post=389"}],"curies":[{"name":"wp","href":"https:\/\/api.w.org\/{rel}","templated":true}]}}